{"id":3746,"date":"2020-10-23T18:37:31","date_gmt":"2020-10-23T16:37:31","guid":{"rendered":"https:\/\/sonnenallee.sma.de\/die-nachhaltigsten-laender-der-welt\/"},"modified":"2022-11-30T16:25:22","modified_gmt":"2022-11-30T15:25:22","slug":"the-worlds-most-sustainable-countries","status":"publish","type":"post","link":"https:\/\/sonnenallee.sma.de\/en\/climate-change\/the-worlds-most-sustainable-countries\/","title":{"rendered":"Who Comes Out On Top?"},"content":{"rendered":"<header class=\"swe-post-header swe-post-header-image-right\"><div class=\"info\"><h1 itemprop=\"headline\">Who Comes Out On Top?<\/h1><div class=\"subtitle\">The world\u2019s most sustainable countries.<\/div><div class=\"blog-tags\"><a href=\"https:\/\/sonnenallee.sma.de\/en\/tag\/climate-change\/\" rel=\"tag\" class=\"tag\">#Climate and change<\/a><\/div><div class=\"boxes\"><div class=\"wpulike sonnenallee-display wp_ulike_general_class\"><div class=\"grid\"><div class=\"count-box\"><span class=\"count-box\">7<\/span><\/div><div class=\"symbol\"><\/div><\/div><\/div><div class=\"time\">5 Min.<\/div><\/div><\/div><div class=\"preview\"><img decoding=\"async\" src=\"https:\/\/sonnenallee.sma.de\/wp-content\/uploads\/2020\/10\/Nachhaltigste_Laender_derWelt.jpg\"\/><div class=\"boxes callout\"><button class=\"share\">Share<\/button>    <div class=\"wpulike  sonnenallee-interactive\"><div class=\"wp_ulike_general_class wp_ulike_is_not_liked\"><button type=\"button\"\n                    data-ulike-id=\"3746\"\n                    data-ulike-nonce=\"1e6b5b52b1\"\n                    data-ulike-type=\"post\"\n                    data-ulike-template=\"sonnenallee-interactive\"\n                    data-ulike-display-likers=\"0\"\n                    data-ulike-likers-style=\"popover\"\n                    class=\"wp_ulike_btn wp_ulike_put_text wp_post_btn_3746\"><span>Like<\/span>            <\/button><\/div><\/div>\n\t<\/div><div class=\"av-share-box hidden callout\"><div class=\"share-content\"><span class=\"close\"><img decoding=\"async\" src=\"\/wp-content\/themes\/enfold-child_sonnenallee\/images\/icons\/kreuz-dunkel.svg\"\/><\/span><h1>Share article<\/h1><h2>How do you want to share the article?<\/h2><ul class=\"av-share-box-list noLightbox\"><li class=\"av-share-link av-social-link-mail\"><a aria-label=\"mail\" href=\"mailto:?body=https%3A%2F%2Fsonnenallee.sma.de%2Fen%2Fclimate-change%2Fthe-worlds-most-sustainable-countries%2F&amp;subject=Who%20Comes%20Out%20On%20Top%3F\" title target=\"_blank\" rel=\"noopener\"><img decoding=\"async\" src=\"https:\/\/sonnenallee.sma.de\/wp-content\/themes\/enfold-child_sonnenallee\/images\/mail.png\"\/><span class=\"avia_hidden_link_text\">mail<\/span><\/a><\/li><li class=\"av-share-link av-social-link-facebook\"><a aria-label=\"Facebook\" href=\"https:\/\/www.facebook.com\/sharer.php?u=https%3A%2F%2Fsonnenallee.sma.de%2Fen%2Fclimate-change%2Fthe-worlds-most-sustainable-countries%2F&amp;t=Who%20Comes%20Out%20On%20Top%3F\" title target=\"_blank\" rel=\"noopener\"><img decoding=\"async\" src=\"https:\/\/sonnenallee.sma.de\/wp-content\/themes\/enfold-child_sonnenallee\/images\/facebook.png\"\/><span class=\"avia_hidden_link_text\">Facebook<\/span><\/a><\/li><\/ul><\/div><\/div><\/div><\/header>\n<div class=\"swe-post-container\">\n<div class=\"swe-author author\"><p><strong>Text:<\/strong> Felix B\u00fcrkle, 23.10.2020<\/p><\/div>\n<section  class='av_textblock_section av-hm5a1-04a1b10d35550a643b98b6cb1ed0bc82'  itemscope=\"itemscope\" itemtype=\"https:\/\/schema.org\/BlogPosting\" itemprop=\"blogPost\" ><div class='avia_textblock'  itemprop=\"text\" ><p><strong>Humans like to measure themselves against others and ideally emerge as the winner. Our cultural evolution is heavily shaped by this fact. For instance, archaeologists have found evidence suggesting that board games were played as a pastime as early as 2500 BC. Sporting tournaments also took place during this era. But the only way we can win what is arguably the biggest fight in our history \u2013 against climate change \u2013 is by working together.<\/strong><\/p>\n<\/div><\/section>\n<section  class='av_textblock_section av-hm5a1-2-76ea9cdf0566150cfebda2b748708c7f'  itemscope=\"itemscope\" itemtype=\"https:\/\/schema.org\/BlogPosting\" itemprop=\"blogPost\" ><div class='avia_textblock'  itemprop=\"text\" ><h2><strong>Politicians are taking their gloves off.<\/strong><\/h2>\n<p>Up until a few years ago, the fight against climate change tended to be associated with radical protesters. Social acceptance is much greater today, which means that politicians are now finally being forced to take action too.<\/p>\n<p>The Paris Agreement, which was endorsed by 196 countries in December 2015, saw the world unite. Instead of \u201cclimate change\u201d we began talking about \u201cclimate crisis.\u201d Combating it was made a top priority \u2013 a milestone.<\/p>\n<p>But wherever there is a goal, there is also competition. Who will get there first? Or who is the closest at any rate?<\/p>\n<h2><strong>One goal, but many ways of getting there.<\/strong><\/h2>\n<p>Shortly after the Paris Agreement was signed, the non-profit organization \u201cThe Climate Reality Project,\u201d which was founded by the renowned environmentalist and Nobel Peace Prize laureate Al Gore, published a list of 11 countries that were taking the lead in the climate crisis battle and putting sustainable energy sources at the heart of the fight. The aim of doing this was not to create a ranking or organize countries into better or worse categories, but rather to demonstrate the various options on the table.<\/p>\n<p>It comes as no surprise that big, rich countries such as China, the U.S. and Germany feature on such a list. What is surprising, however, are the names of otherwise lesser-observed countries that had achieved such astonishing progress even before the Paris Agreement came into being.<\/p>\n<p>The Climate Reality Project 2016 crowned the following countries as its Top 10 climate pioneers.<\/p>\n<ul>\n<li>Sweden<\/li>\n<li>Costa Rica<\/li>\n<li>Nicaragua<\/li>\n<li>Scotland<\/li>\n<li>Germany<\/li>\n<li>Uruguay<\/li>\n<li>Denmark<\/li>\n<li>China<\/li>\n<li>Morocco<\/li>\n<li>U.S.<\/li>\n<\/ul>\n<p>But what would this list look like if the countries were measured using various renewable energy parameters? SONNENALLEE has taken a closer look at a number of questions \u2013 and some of the answers are astonishing.<\/p>\n<h2><strong>Who has the highest share of renewable energies in their power generation?<\/strong><\/h2>\n<p>Electricity can be imported. So there are a great many countries that boast about the percentage of their consumed electricity that comes from sustainable sources. Financially affluent and geographically blessed countries are at an advantage here. But if we actually look purely at self-produced electricity, other countries start to emerge as trailblazers of sustainability.<\/p>\n<ol>\n<li>Iceland<\/li>\n<li>Norway<\/li>\n<li>Brazil<\/li>\n<li>Sweden<\/li>\n<li>New Zealand<\/li>\n<li>Austria<\/li>\n<li>Switzerland<\/li>\n<li>Ecuador<\/li>\n<li>Denmark<\/li>\n<li>Canada<\/li>\n<\/ol>\n<h2><strong>Who has the biggest production capacity for renewable energies?<\/strong><\/h2>\n<p>Renewable energies are synonymous not just with sustainability, but also with autonomy. If countries do not wish to be reliant on importing fossil fuels, they would be well-advised to increase their own production capacities for renewable energies. That\u2019s what the following ranking would suggest at any rate. The leaders here are not just the biggest and densely populated countries, but also first and foremost the highly economically influential countries.<\/p>\n<ol>\n<li>China<\/li>\n<li>U.S.<\/li>\n<li>Brazil<\/li>\n<li>India<\/li>\n<li>Germany<\/li>\n<li>Japan<\/li>\n<li>Canada<\/li>\n<li>Italy<\/li>\n<li>Spain<\/li>\n<li>France<\/li>\n<\/ol>\n<h2><strong>Who produces the greatest amount of green electricity?<\/strong><\/h2>\n<p>The volume of electricity generated from renewable energies is closely linked to renewable energy production capacity. But there are changes to some of the ranking positions here, which can presumably be explained by factors such as plant efficiency or infrastructure.<\/p>\n<ol>\n<li>China<\/li>\n<li>U.S.<\/li>\n<li>Brazil<\/li>\n<li>Canada<\/li>\n<li>India<\/li>\n<li>Germany<\/li>\n<li>Russia<\/li>\n<li>Japan<\/li>\n<li>Norway<\/li>\n<li>France<\/li>\n<\/ol>\n<h2><strong>So who is the overall winner?<\/strong><\/h2>\n<p>There is no general answer to the question of which country is the most sustainable. The figures for the different rankings show certain trends, but should not give the impression that only the countries listed are being sustainable. We should refer back here to the list created by The Climate Reality Project, because it also brought to the fore aspects such as strong political engagement, which helped countries that were not able to compete with the figures of the major economic powers achieve a decent ranking too.<br \/>\nUltimately, the climate crisis is a fight that no country has to win outright, but that the whole of humanity needs to tackle together. It is good that there are pioneers, governments that are leading the way and protestors that are applying the necessary pressure. The awareness is there and the structures are set up. Now we just have to keep going!<\/p>\n<\/div><\/section>\n<div class=\"swe-recent-posts\"><div data-slider-controls class=\"swe-recent-posts-buttons\"><button data-prev class=\"slider-arrow left no-hover\"><img decoding=\"async\" src=\"\/wp-content\/themes\/enfold-child_sonnenallee\/images\/icons\/pfeil.svg\"\/><\/button><button data-next class=\"slider-arrow right no-hover\"><img decoding=\"async\" src=\"\/wp-content\/themes\/enfold-child_sonnenallee\/images\/icons\/pfeil.svg\"\/><\/button><\/div><!-- end swe-recent-posts-buttons --><div class=\"slides\"><div class=\"slide\"><a href=\"https:\/\/sonnenallee.sma.de\/en\/climate-change\/the-peak-of-sustainability\/\" style=\"background-image: url(https:\/\/sonnenallee.sma.de\/wp-content\/uploads\/2024\/07\/gebirge-sonne.jpg);\" class=\"dark\"><div class=\"title top-left\"><div class=\"category\"><span class=\"btn inverted\">Climate and change<\/span><\/div><h1>The peak of sustainability \u2014<\/h1><\/div><video loop muted autoplay playsinline poster=\"https:\/\/sonnenallee.sma.de\/wp-content\/uploads\/2024\/07\/gebirge-sonne.jpg\"><source type=\"video\/mp4\" src=\"https:\/\/sonnenallee.sma.de\/wp-content\/uploads\/2024\/07\/Video-Gebirge.mp4\" \/><\/video><\/a><\/div><div class=\"slide\"><a href=\"https:\/\/sonnenallee.sma.de\/en\/climate-change\/chiles-green-revolution\/\" style=\"background-image: url(https:\/\/sonnenallee.sma.de\/wp-content\/uploads\/2023\/12\/Diego-del-Almagro.jpg);\" class=\"light\"><div class=\"title top-left\"><div class=\"category\"><span class=\"btn inverted\">Climate and change<\/span><\/div><h1>Chile\u2019s Green Revolution<\/h1><\/div><\/a><\/div><div class=\"slide\"><a href=\"https:\/\/sonnenallee.sma.de\/en\/climate-change\/climate-protection-made-fun\/\" style=\"background-image: url(https:\/\/sonnenallee.sma.de\/wp-content\/uploads\/2023\/11\/Nintendo_Switch_Header.jpg);\" class=\"dark\"><div class=\"title top-left\"><div class=\"category\"><span class=\"btn inverted\">Climate and change<\/span><\/div><h1>Climate protection made fun<\/h1><\/div><\/a><\/div><div class=\"slide\"><a href=\"https:\/\/sonnenallee.sma.de\/en\/peripheral-energy\/green-off-grid-systems-2\/\" style=\"background-image: url(https:\/\/sonnenallee.sma.de\/wp-content\/uploads\/2022\/03\/1205x636_Header_OFFGRID.jpg);\" class=\"light\"><div class=\"title bottom-left\"><div class=\"category\"><span class=\"btn inverted\">Peripheral energy<\/span><\/div><h1>Green off-grid systems (2)<\/h1><\/div><\/a><\/div><div class=\"slide\"><a href=\"https:\/\/sonnenallee.sma.de\/en\/climate-change\/heritage-and-environmental-protection-under-one-roof\/\" style=\"background-image: url();\" class=\"dark\"><div class=\"title top-left\"><div class=\"category\"><span class=\"btn inverted\">Climate and change<\/span><\/div><h1>Heritage and environmental protection under one roof<\/h1><\/div><video loop muted autoplay playsinline><source type=\"video\/mp4\" src=\"https:\/\/sonnenallee.sma.de\/wp-content\/uploads\/2024\/06\/drohnenaufnahme_stadt.mp4\" \/><\/video><\/a><\/div><div class=\"slide\"><a href=\"https:\/\/sonnenallee.sma.de\/en\/solar-energy\/mission-solarize\/\" style=\"background-image: url(https:\/\/sonnenallee.sma.de\/wp-content\/uploads\/2024\/01\/solaranlage-montage-scaled.jpg);\" class=\"dark\"><div class=\"title top-left\"><div class=\"category\"><span class=\"btn inverted\">Solar energy<\/span><\/div><h1>Mission #solarize<\/h1><\/div><\/a><\/div><div class=\"slide\"><a href=\"https:\/\/sonnenallee.sma.de\/en\/peripheral-energy\/green-off-grid-systems-1\/\" style=\"background-image: url(https:\/\/sonnenallee.sma.de\/wp-content\/uploads\/2022\/03\/1205x636_Header_OFFGRID.jpg);\" class=\"light\"><div class=\"title bottom-left\"><div class=\"category\"><span class=\"btn inverted\">Peripheral energy<\/span><\/div><h1>Green off-grid systems (1)<\/h1><\/div><\/a><\/div><div class=\"slide\"><a href=\"https:\/\/sonnenallee.sma.de\/en\/climate-change\/smart-solutions-for-saving-energy\/\" style=\"background-image: url(https:\/\/sonnenallee.sma.de\/wp-content\/uploads\/2023\/06\/GewaI\u0088chshaus-Hauptgang-2.jpeg);\" class=\"light\"><div class=\"title top-left\"><div class=\"category\"><span class=\"btn inverted\">Climate and change<\/span><\/div><h1>Smart Solutions for Saving Energy<\/h1><\/div><\/a><\/div><div class=\"slide\"><a href=\"https:\/\/sonnenallee.sma.de\/en\/climate-change\/regeneration-times-three\/\" style=\"background-image: url();\" class=\"light\"><div class=\"title bottom-right\"><div class=\"category\"><span class=\"btn inverted\">Climate and change<\/span><\/div><h1>Regeneration times three<\/h1><\/div><video loop muted autoplay playsinline><source type=\"video\/mp4\" src=\"https:\/\/sonnenallee.sma.de\/wp-content\/uploads\/2023\/06\/SMA_Moor_PV_Header_mp4.mp4\" \/><\/video><\/a><\/div><div class=\"slide\"><a href=\"https:\/\/sonnenallee.sma.de\/en\/climate-change\/kick-off-for-climate-neutral-football\/\" style=\"background-image: url(https:\/\/sonnenallee.sma.de\/wp-content\/uploads\/2024\/02\/Anstoss-Fussball.jpg);\" class=\"light\"><div class=\"title bottom-left\"><div class=\"category\"><span class=\"btn inverted\">Climate and change<\/span><\/div><h1>Kick-off for Climate-Neutral Football<\/h1><\/div><\/a><\/div><\/div><\/div>\n<div class=\"center-content\"><a href=\"https:\/\/sonnenallee.sma.de\/en\/\" class=\"btn inverted\">Close article<\/a><\/div><\/div>\n","protected":false},"excerpt":{"rendered":"<p>What is the most sustainable country in the world? And who is the leader when it comes to renewable energies? The answer should be that we all are.<\/p>\n","protected":false},"author":14,"featured_media":3740,"comment_status":"closed","ping_status":"closed","sticky":false,"template":"","format":"standard","meta":{"_acf_changed":false,"footnotes":"","beyondwords_generate_audio":"1","beyondwords_project_id":"16115","beyondwords_content_id":"","beyondwords_preview_token":"","beyondwords_player_content":"","beyondwords_player_style":"","beyondwords_language_code":"","beyondwords_language_id":"","beyondwords_title_voice_id":"","beyondwords_body_voice_id":"","beyondwords_summary_voice_id":"","beyondwords_error_message":"#404: Record not found","beyondwords_disabled":"","beyondwords_delete_content":"","beyondwords_podcast_id":"4887676","beyondwords_hash":"","publish_post_to_speechkit":"","speechkit_hash":"","speechkit_generate_audio":"","speechkit_project_id":"","speechkit_podcast_id":"","speechkit_error_message":"","speechkit_disabled":"","speechkit_access_key":"","speechkit_error":"","speechkit_info":"","speechkit_response":"","speechkit_retries":"","speechkit_status":"Updated","speechkit_updated_at":"","_speechkit_link":"","_speechkit_text":""},"categories":[73],"tags":[85],"class_list":["post-3746","post","type-post","status-publish","format-standard","has-post-thumbnail","hentry","category-climate-change","tag-climate-change"],"acf":[],"yoast_head":"<!-- This site is optimized with the Yoast SEO plugin v25.1 - https:\/\/yoast.com\/wordpress\/plugins\/seo\/ -->\n<title>Who Comes Out On Top? - Sonnenallee<\/title>\n<meta name=\"description\" content=\"What is the most sustainable country in the world? And who is the leader when it comes to renewable energies? The answer should be that we all are.\" \/>\n<meta name=\"robots\" content=\"index, follow, max-snippet:-1, max-image-preview:large, max-video-preview:-1\" \/>\n<link rel=\"canonical\" href=\"https:\/\/sonnenallee.sma.de\/en\/climate-change\/the-worlds-most-sustainable-countries\/\" \/>\n<meta property=\"og:locale\" content=\"en_US\" \/>\n<meta property=\"og:type\" content=\"article\" \/>\n<meta property=\"og:title\" content=\"Who Comes Out On Top? - Sonnenallee\" \/>\n<meta property=\"og:description\" content=\"What is the most sustainable country in the world? And who is the leader when it comes to renewable energies? The answer should be that we all are.\" \/>\n<meta property=\"og:url\" content=\"https:\/\/sonnenallee.sma.de\/en\/climate-change\/the-worlds-most-sustainable-countries\/\" \/>\n<meta property=\"og:site_name\" content=\"Sonnenallee\" \/>\n<meta property=\"article:published_time\" content=\"2020-10-23T16:37:31+00:00\" \/>\n<meta property=\"article:modified_time\" content=\"2022-11-30T15:25:22+00:00\" \/>\n<meta property=\"og:image\" content=\"https:\/\/sonnenallee.sma.de\/wp-content\/uploads\/2020\/10\/Nachhaltigste_Laender_derWelt.jpg\" \/>\n\t<meta property=\"og:image:width\" content=\"1205\" \/>\n\t<meta property=\"og:image:height\" content=\"636\" \/>\n\t<meta property=\"og:image:type\" content=\"image\/jpeg\" \/>\n<meta name=\"author\" content=\"Felix B\u00fcrkle\" \/>\n<meta name=\"twitter:card\" content=\"summary_large_image\" \/>\n<meta name=\"twitter:label1\" content=\"Written by\" \/>\n\t<meta name=\"twitter:data1\" content=\"Felix B\u00fcrkle\" \/>\n\t<meta name=\"twitter:label2\" content=\"Est. reading time\" \/>\n\t<meta name=\"twitter:data2\" content=\"5 minutes\" \/>\n<script type=\"application\/ld+json\" class=\"yoast-schema-graph\">{\"@context\":\"https:\/\/schema.org\",\"@graph\":[{\"@type\":\"WebPage\",\"@id\":\"https:\/\/sonnenallee.sma.de\/en\/climate-change\/the-worlds-most-sustainable-countries\/\",\"url\":\"https:\/\/sonnenallee.sma.de\/en\/climate-change\/the-worlds-most-sustainable-countries\/\",\"name\":\"Who Comes Out On Top? - Sonnenallee\",\"isPartOf\":{\"@id\":\"https:\/\/sonnenallee.sma.de\/en\/#website\"},\"primaryImageOfPage\":{\"@id\":\"https:\/\/sonnenallee.sma.de\/en\/climate-change\/the-worlds-most-sustainable-countries\/#primaryimage\"},\"image\":{\"@id\":\"https:\/\/sonnenallee.sma.de\/en\/climate-change\/the-worlds-most-sustainable-countries\/#primaryimage\"},\"thumbnailUrl\":\"https:\/\/sonnenallee.sma.de\/wp-content\/uploads\/2020\/10\/Nachhaltigste_Laender_derWelt.jpg\",\"datePublished\":\"2020-10-23T16:37:31+00:00\",\"dateModified\":\"2022-11-30T15:25:22+00:00\",\"author\":{\"@id\":\"https:\/\/sonnenallee.sma.de\/en\/#\/schema\/person\/483989739aeef1120e4d888fa2b59fa9\"},\"description\":\"What is the most sustainable country in the world? And who is the leader when it comes to renewable energies? The answer should be that we all are.\",\"breadcrumb\":{\"@id\":\"https:\/\/sonnenallee.sma.de\/en\/climate-change\/the-worlds-most-sustainable-countries\/#breadcrumb\"},\"inLanguage\":\"en-US\",\"potentialAction\":[{\"@type\":\"ReadAction\",\"target\":[\"https:\/\/sonnenallee.sma.de\/en\/climate-change\/the-worlds-most-sustainable-countries\/\"]}]},{\"@type\":\"ImageObject\",\"inLanguage\":\"en-US\",\"@id\":\"https:\/\/sonnenallee.sma.de\/en\/climate-change\/the-worlds-most-sustainable-countries\/#primaryimage\",\"url\":\"https:\/\/sonnenallee.sma.de\/wp-content\/uploads\/2020\/10\/Nachhaltigste_Laender_derWelt.jpg\",\"contentUrl\":\"https:\/\/sonnenallee.sma.de\/wp-content\/uploads\/2020\/10\/Nachhaltigste_Laender_derWelt.jpg\",\"width\":1205,\"height\":636,\"caption\":\"Die nachhaltigsten L\u00e4nder der Welt\"},{\"@type\":\"BreadcrumbList\",\"@id\":\"https:\/\/sonnenallee.sma.de\/en\/climate-change\/the-worlds-most-sustainable-countries\/#breadcrumb\",\"itemListElement\":[{\"@type\":\"ListItem\",\"position\":1,\"name\":\"Startseite\",\"item\":\"https:\/\/sonnenallee.sma.de\/en\/\"},{\"@type\":\"ListItem\",\"position\":2,\"name\":\"Who Comes Out On Top?\"}]},{\"@type\":\"WebSite\",\"@id\":\"https:\/\/sonnenallee.sma.de\/en\/#website\",\"url\":\"https:\/\/sonnenallee.sma.de\/en\/\",\"name\":\"Sonnenallee\",\"description\":\"\",\"potentialAction\":[{\"@type\":\"SearchAction\",\"target\":{\"@type\":\"EntryPoint\",\"urlTemplate\":\"https:\/\/sonnenallee.sma.de\/en\/?s={search_term_string}\"},\"query-input\":{\"@type\":\"PropertyValueSpecification\",\"valueRequired\":true,\"valueName\":\"search_term_string\"}}],\"inLanguage\":\"en-US\"},{\"@type\":\"Person\",\"@id\":\"https:\/\/sonnenallee.sma.de\/en\/#\/schema\/person\/483989739aeef1120e4d888fa2b59fa9\",\"name\":\"Felix B\u00fcrkle\",\"image\":{\"@type\":\"ImageObject\",\"inLanguage\":\"en-US\",\"@id\":\"https:\/\/sonnenallee.sma.de\/en\/#\/schema\/person\/image\/\",\"url\":\"https:\/\/secure.gravatar.com\/avatar\/bca3751ec81b1477ae797d211b0e52b7337f7d6bdbfbda1ca7626edad922cd58?s=96&d=mm&r=g\",\"contentUrl\":\"https:\/\/secure.gravatar.com\/avatar\/bca3751ec81b1477ae797d211b0e52b7337f7d6bdbfbda1ca7626edad922cd58?s=96&d=mm&r=g\",\"caption\":\"Felix B\u00fcrkle\"},\"description\":\"Felix B\u00fcrkle ist Texter bei der Werbeagentur RTS Rieger Team in Stuttgart und schreibt im Auftrag von SMA f\u00fcr die Online- und Printausgabe von SONNENALLEE.\",\"sameAs\":[\"https:\/\/www.linkedin.com\/in\/felixbuerkle\/\"],\"url\":\"https:\/\/sonnenallee.sma.de\/en\/author\/felix-buerkle\/\"}]}<\/script>\n<!-- \/ Yoast SEO plugin. -->","yoast_head_json":{"title":"Who Comes Out On Top? - Sonnenallee","description":"What is the most sustainable country in the world? And who is the leader when it comes to renewable energies? The answer should be that we all are.","robots":{"index":"index","follow":"follow","max-snippet":"max-snippet:-1","max-image-preview":"max-image-preview:large","max-video-preview":"max-video-preview:-1"},"canonical":"https:\/\/sonnenallee.sma.de\/en\/climate-change\/the-worlds-most-sustainable-countries\/","og_locale":"en_US","og_type":"article","og_title":"Who Comes Out On Top? - Sonnenallee","og_description":"What is the most sustainable country in the world? And who is the leader when it comes to renewable energies? The answer should be that we all are.","og_url":"https:\/\/sonnenallee.sma.de\/en\/climate-change\/the-worlds-most-sustainable-countries\/","og_site_name":"Sonnenallee","article_published_time":"2020-10-23T16:37:31+00:00","article_modified_time":"2022-11-30T15:25:22+00:00","og_image":[{"width":1205,"height":636,"url":"https:\/\/sonnenallee.sma.de\/wp-content\/uploads\/2020\/10\/Nachhaltigste_Laender_derWelt.jpg","type":"image\/jpeg"}],"author":"Felix B\u00fcrkle","twitter_card":"summary_large_image","twitter_misc":{"Written by":"Felix B\u00fcrkle","Est. reading time":"5 minutes"},"schema":{"@context":"https:\/\/schema.org","@graph":[{"@type":"WebPage","@id":"https:\/\/sonnenallee.sma.de\/en\/climate-change\/the-worlds-most-sustainable-countries\/","url":"https:\/\/sonnenallee.sma.de\/en\/climate-change\/the-worlds-most-sustainable-countries\/","name":"Who Comes Out On Top? - Sonnenallee","isPartOf":{"@id":"https:\/\/sonnenallee.sma.de\/en\/#website"},"primaryImageOfPage":{"@id":"https:\/\/sonnenallee.sma.de\/en\/climate-change\/the-worlds-most-sustainable-countries\/#primaryimage"},"image":{"@id":"https:\/\/sonnenallee.sma.de\/en\/climate-change\/the-worlds-most-sustainable-countries\/#primaryimage"},"thumbnailUrl":"https:\/\/sonnenallee.sma.de\/wp-content\/uploads\/2020\/10\/Nachhaltigste_Laender_derWelt.jpg","datePublished":"2020-10-23T16:37:31+00:00","dateModified":"2022-11-30T15:25:22+00:00","author":{"@id":"https:\/\/sonnenallee.sma.de\/en\/#\/schema\/person\/483989739aeef1120e4d888fa2b59fa9"},"description":"What is the most sustainable country in the world? And who is the leader when it comes to renewable energies? The answer should be that we all are.","breadcrumb":{"@id":"https:\/\/sonnenallee.sma.de\/en\/climate-change\/the-worlds-most-sustainable-countries\/#breadcrumb"},"inLanguage":"en-US","potentialAction":[{"@type":"ReadAction","target":["https:\/\/sonnenallee.sma.de\/en\/climate-change\/the-worlds-most-sustainable-countries\/"]}]},{"@type":"ImageObject","inLanguage":"en-US","@id":"https:\/\/sonnenallee.sma.de\/en\/climate-change\/the-worlds-most-sustainable-countries\/#primaryimage","url":"https:\/\/sonnenallee.sma.de\/wp-content\/uploads\/2020\/10\/Nachhaltigste_Laender_derWelt.jpg","contentUrl":"https:\/\/sonnenallee.sma.de\/wp-content\/uploads\/2020\/10\/Nachhaltigste_Laender_derWelt.jpg","width":1205,"height":636,"caption":"Die nachhaltigsten L\u00e4nder der Welt"},{"@type":"BreadcrumbList","@id":"https:\/\/sonnenallee.sma.de\/en\/climate-change\/the-worlds-most-sustainable-countries\/#breadcrumb","itemListElement":[{"@type":"ListItem","position":1,"name":"Startseite","item":"https:\/\/sonnenallee.sma.de\/en\/"},{"@type":"ListItem","position":2,"name":"Who Comes Out On Top?"}]},{"@type":"WebSite","@id":"https:\/\/sonnenallee.sma.de\/en\/#website","url":"https:\/\/sonnenallee.sma.de\/en\/","name":"Sonnenallee","description":"","potentialAction":[{"@type":"SearchAction","target":{"@type":"EntryPoint","urlTemplate":"https:\/\/sonnenallee.sma.de\/en\/?s={search_term_string}"},"query-input":{"@type":"PropertyValueSpecification","valueRequired":true,"valueName":"search_term_string"}}],"inLanguage":"en-US"},{"@type":"Person","@id":"https:\/\/sonnenallee.sma.de\/en\/#\/schema\/person\/483989739aeef1120e4d888fa2b59fa9","name":"Felix B\u00fcrkle","image":{"@type":"ImageObject","inLanguage":"en-US","@id":"https:\/\/sonnenallee.sma.de\/en\/#\/schema\/person\/image\/","url":"https:\/\/secure.gravatar.com\/avatar\/bca3751ec81b1477ae797d211b0e52b7337f7d6bdbfbda1ca7626edad922cd58?s=96&d=mm&r=g","contentUrl":"https:\/\/secure.gravatar.com\/avatar\/bca3751ec81b1477ae797d211b0e52b7337f7d6bdbfbda1ca7626edad922cd58?s=96&d=mm&r=g","caption":"Felix B\u00fcrkle"},"description":"Felix B\u00fcrkle ist Texter bei der Werbeagentur RTS Rieger Team in Stuttgart und schreibt im Auftrag von SMA f\u00fcr die Online- und Printausgabe von SONNENALLEE.","sameAs":["https:\/\/www.linkedin.com\/in\/felixbuerkle\/"],"url":"https:\/\/sonnenallee.sma.de\/en\/author\/felix-buerkle\/"}]}},"_links":{"self":[{"href":"https:\/\/sonnenallee.sma.de\/en\/wp-json\/wp\/v2\/posts\/3746","targetHints":{"allow":["GET"]}}],"collection":[{"href":"https:\/\/sonnenallee.sma.de\/en\/wp-json\/wp\/v2\/posts"}],"about":[{"href":"https:\/\/sonnenallee.sma.de\/en\/wp-json\/wp\/v2\/types\/post"}],"author":[{"embeddable":true,"href":"https:\/\/sonnenallee.sma.de\/en\/wp-json\/wp\/v2\/users\/14"}],"replies":[{"embeddable":true,"href":"https:\/\/sonnenallee.sma.de\/en\/wp-json\/wp\/v2\/comments?post=3746"}],"version-history":[{"count":10,"href":"https:\/\/sonnenallee.sma.de\/en\/wp-json\/wp\/v2\/posts\/3746\/revisions"}],"predecessor-version":[{"id":11537,"href":"https:\/\/sonnenallee.sma.de\/en\/wp-json\/wp\/v2\/posts\/3746\/revisions\/11537"}],"wp:featuredmedia":[{"embeddable":true,"href":"https:\/\/sonnenallee.sma.de\/en\/wp-json\/wp\/v2\/media\/3740"}],"wp:attachment":[{"href":"https:\/\/sonnenallee.sma.de\/en\/wp-json\/wp\/v2\/media?parent=3746"}],"wp:term":[{"taxonomy":"category","embeddable":true,"href":"https:\/\/sonnenallee.sma.de\/en\/wp-json\/wp\/v2\/categories?post=3746"},{"taxonomy":"post_tag","embeddable":true,"href":"https:\/\/sonnenallee.sma.de\/en\/wp-json\/wp\/v2\/tags?post=3746"}],"curies":[{"name":"wp","href":"https:\/\/api.w.org\/{rel}","templated":true}]}}